{"id":9744,"date":"2022-04-10T20:17:21","date_gmt":"2022-04-10T18:17:21","guid":{"rendered":"https:\/\/lokalmagasinet.no\/?p=9744"},"modified":"2022-04-10T20:20:58","modified_gmt":"2022-04-10T18:20:58","slug":"joje-meg-som-arene-gar","status":"publish","type":"post","link":"https:\/\/lokalmagasinet.no\/?p=9744","title":{"rendered":"J\u00d8JE MEG SOM \u00c5RENE G\u00c5R!"},"content":{"rendered":"<p><span class=\"d2edcug0 hpfvmrgz qv66sw1b c1et5uql lr9zc1uh a8c37x1j fe6kdd0r mau55g9w c8b282yb keod5gw0 nxhoafnm aigsh9s9 d3f4x2em iv3no6db jq4qci2q a3bd9o3v b1v8xokw oo9gr5id\" dir=\"auto\"><img loading=\"lazy\" decoding=\"async\" class=\"aligncenter wp-image-9193 size-large\" src=\"https:\/\/lokalmagasinet.no\/wp-content\/uploads\/2022\/03\/IMG-01411-1024x768.jpg\" alt=\"\" width=\"1024\" height=\"768\" srcset=\"https:\/\/lokalmagasinet.no\/wp-content\/uploads\/2022\/03\/IMG-01411-1024x768.jpg 1024w, https:\/\/lokalmagasinet.no\/wp-content\/uploads\/2022\/03\/IMG-01411-300x225.jpg 300w, https:\/\/lokalmagasinet.no\/wp-content\/uploads\/2022\/03\/IMG-01411-150x113.jpg 150w, https:\/\/lokalmagasinet.no\/wp-content\/uploads\/2022\/03\/IMG-01411-768x576.jpg 768w, https:\/\/lokalmagasinet.no\/wp-content\/uploads\/2022\/03\/IMG-01411-1536x1152.jpg 1536w, https:\/\/lokalmagasinet.no\/wp-content\/uploads\/2022\/03\/IMG-01411-scaled.jpg 2048w\" sizes=\"auto, (max-width: 1024px) 100vw, 1024px\" \/><\/span><\/p>\n<p><span class=\"d2edcug0 hpfvmrgz qv66sw1b c1et5uql lr9zc1uh a8c37x1j fe6kdd0r mau55g9w c8b282yb keod5gw0 nxhoafnm aigsh9s9 d3f4x2em iv3no6db jq4qci2q a3bd9o3v b1v8xokw oo9gr5id\" dir=\"auto\">(Publisert 10.04.22) (Tekst og foto: Svein-H. Strand) <strong>For noen dager siden var jeg en handletur tur i Moss. Jeg hadde god tid, og beina styrte meg som s\u00e5 ofte f\u00f8r ned til det gamle bygningsmilj\u00f8et i M\u00f8llebyen. I enden, n\u00e6r dagens h\u00f8yreiste m\u00f8lleanlegg, st\u00e5r jeg ved det gamle og godt bevarte Folkets Hus (bildene). En dag i mars FOR 54 \u00c5R SIDEN banket jeg p\u00e5 d\u00f8ra der, for \u00e5 tilby mine journalistiske ambisjoner til Moss Dagblad. <\/strong><\/span><\/p>\n<p><span class=\"d2edcug0 hpfvmrgz qv66sw1b c1et5uql lr9zc1uh a8c37x1j fe6kdd0r mau55g9w c8b282yb keod5gw0 nxhoafnm aigsh9s9 d3f4x2em iv3no6db jq4qci2q a3bd9o3v b1v8xokw oo9gr5id\" dir=\"auto\"><img loading=\"lazy\" decoding=\"async\" class=\"size-medium wp-image-9194 alignleft\" src=\"https:\/\/lokalmagasinet.no\/wp-content\/uploads\/2022\/03\/IMG-0145-300x225.jpg\" alt=\"\" width=\"300\" height=\"225\" srcset=\"https:\/\/lokalmagasinet.no\/wp-content\/uploads\/2022\/03\/IMG-0145-300x225.jpg 300w, https:\/\/lokalmagasinet.no\/wp-content\/uploads\/2022\/03\/IMG-0145-1024x768.jpg 1024w, https:\/\/lokalmagasinet.no\/wp-content\/uploads\/2022\/03\/IMG-0145-150x113.jpg 150w, https:\/\/lokalmagasinet.no\/wp-content\/uploads\/2022\/03\/IMG-0145-768x576.jpg 768w, https:\/\/lokalmagasinet.no\/wp-content\/uploads\/2022\/03\/IMG-0145-1536x1152.jpg 1536w, https:\/\/lokalmagasinet.no\/wp-content\/uploads\/2022\/03\/IMG-0145-scaled.jpg 2048w\" sizes=\"auto, (max-width: 300px) 100vw, 300px\" \/>I veska hadde jeg attest fra praktikanttiden i Helgeland Arbeiderblad. Og dokumentasjon for p\u00e5begynt brevkurs i journalistikk. En tid som industriarbeider p\u00e5 Trio-Ving i Moss kunne jeg ogs\u00e5 vise til. <\/span><\/p>\n<p><span class=\"d2edcug0 hpfvmrgz qv66sw1b c1et5uql lr9zc1uh a8c37x1j fe6kdd0r mau55g9w c8b282yb keod5gw0 nxhoafnm aigsh9s9 d3f4x2em iv3no6db jq4qci2q a3bd9o3v b1v8xokw oo9gr5id\" dir=\"auto\">Jeg kom til en redaksjon der ambisjonene nok var et hakk st\u00f8rre enn bemanningen, for \u00e5 si det s\u00e5nn. <\/span><\/p>\n<p><span class=\"d2edcug0 hpfvmrgz qv66sw1b c1et5uql lr9zc1uh a8c37x1j fe6kdd0r mau55g9w c8b282yb keod5gw0 nxhoafnm aigsh9s9 d3f4x2em iv3no6db jq4qci2q a3bd9o3v b1v8xokw oo9gr5id\" dir=\"auto\">Men Son &#8211; og Vestby kommune generelt &#8211; var et s\u00e6rskilt satsingsomr\u00e5de, viste det seg. S\u00e5 det var bare \u00e5 stemple inn neste dag, for \u00e5 pl\u00f8ye gjennom kommunale dokumenter fra Vestby. <\/span><\/p>\n<p><span class=\"d2edcug0 hpfvmrgz qv66sw1b c1et5uql lr9zc1uh a8c37x1j fe6kdd0r mau55g9w c8b282yb keod5gw0 nxhoafnm aigsh9s9 d3f4x2em iv3no6db jq4qci2q a3bd9o3v b1v8xokw oo9gr5id\" dir=\"auto\">I april sa vi farvel til de gamle lokalene og flyttet inn i <em>nye<\/em> Folkets Hus. <\/span><span class=\"d2edcug0 hpfvmrgz qv66sw1b c1et5uql lr9zc1uh a8c37x1j fe6kdd0r mau55g9w c8b282yb keod5gw0 nxhoafnm aigsh9s9 d3f4x2em iv3no6db jq4qci2q a3bd9o3v b1v8xokw oo9gr5id\" dir=\"auto\">Der ble jeg &laquo;fast ekstrahjelp&raquo; fram til jeg fikk et \u00e5rsvikariat i Horten-avisa Gjengangeren til sommeren 1969. Har du lyst, <\/span><span class=\"d2edcug0 hpfvmrgz qv66sw1b c1et5uql lr9zc1uh a8c37x1j fe6kdd0r mau55g9w c8b282yb keod5gw0 nxhoafnm aigsh9s9 d3f4x2em iv3no6db jq4qci2q a3bd9o3v b1v8xokw oo9gr5id\" dir=\"auto\">s\u00e5 <\/span><a href=\"https:\/\/lokalmagasinet.no\/?p=234\"><strong><span class=\"d2edcug0 hpfvmrgz qv66sw1b c1et5uql lr9zc1uh a8c37x1j fe6kdd0r mau55g9w c8b282yb keod5gw0 nxhoafnm aigsh9s9 d3f4x2em iv3no6db jq4qci2q a3bd9o3v b1v8xokw oo9gr5id\" dir=\"auto\">LES MER HER. <\/span><\/strong><\/a><\/p>\n<p><span class=\"d2edcug0 hpfvmrgz qv66sw1b c1et5uql lr9zc1uh a8c37x1j fe6kdd0r mau55g9w c8b282yb keod5gw0 nxhoafnm aigsh9s9 d3f4x2em iv3no6db jq4qci2q a3bd9o3v b1v8xokw oo9gr5id\" dir=\"auto\"><em>P.S.<\/em> <em>Frank Berg var en s\u00e6rdeles skrivende redakt\u00f8r. Fine bilder til mange av sine reportasjer tok han ogs\u00e5. Ingen av oss som var der den dagen kommer til \u00e5 glemme synet av Frank som fortsatt satt og hamret ved skrivemaskinen da resten av de gamle lokalene var t\u00f8mt og det siste flyttelasset skulle avg\u00e5rde. S\u00e5 fristende det enn var, slapp vi \u00e5 l\u00f8fte ham opp p\u00e5 lasteplanet sammen med skrivebordet. Han bare smilte, reiste seg og grep skrivemaskinen for \u00e5 ta den med seg inn i Folkevogna. Og i de nye lokalene ble nok et frabe-manus skrevet ferdig.<\/em><br \/>\n<\/span><\/p>\n<p><span class=\"d2edcug0 hpfvmrgz qv66sw1b c1et5uql lr9zc1uh a8c37x1j fe6kdd0r mau55g9w c8b282yb keod5gw0 nxhoafnm aigsh9s9 d3f4x2em iv3no6db jq4qci2q a3bd9o3v b1v8xokw oo9gr5id\" dir=\"auto\"><em><strong>St.\u00a0<\/strong> <\/em><br \/>\n<\/span><\/p>\n<p>&nbsp;<\/p>\n<p>&nbsp;<\/p>\n<p>Views: 95<\/p>","protected":false},"excerpt":{"rendered":"<p>(Publisert 10.04.22) (Tekst og foto: Svein-H. Strand) For noen dager siden var jeg en handletur tur i Moss. Jeg hadde god tid, og beina styrte meg som s\u00e5 ofte f\u00f8r &#8230; <\/p>\n<p class=\"read-more-container\"><a title=\"J\u00d8JE MEG SOM \u00c5RENE G\u00c5R!\" class=\"read-more button\" href=\"https:\/\/lokalmagasinet.no\/?p=9744#more-9744\">Les mer<span class=\"screen-reader-text\">J\u00d8JE MEG SOM \u00c5RENE G\u00c5R!<\/span><\/a><\/p>\n","protected":false},"author":6,"featured_media":9635,"comment_status":"closed","ping_status":"open","sticky":false,"template":"","format":"standard","meta":{"footnotes":""},"categories":[42],"tags":[],"class_list":["post-9744","post","type-post","status-publish","format-standard","has-post-thumbnail","hentry","category-kaseri","resize-featured-image"],"yoast_head":"<!-- This site is optimized with the Yoast SEO plugin v27.4 - https:\/\/yoast.com\/product\/yoast-seo-wordpress\/ -->\n<title>J\u00d8JE MEG SOM \u00c5RENE G\u00c5R! | Lokalmagasinet.no<\/title>\n<meta name=\"robots\" content=\"index, follow, max-snippet:-1, max-image-preview:large, max-video-preview:-1\" \/>\n<link rel=\"canonical\" href=\"https:\/\/lokalmagasinet.no\/?p=9744\" \/>\n<meta property=\"og:locale\" content=\"nn_NO\" \/>\n<meta property=\"og:type\" content=\"article\" \/>\n<meta property=\"og:title\" content=\"J\u00d8JE MEG SOM \u00c5RENE G\u00c5R! | Lokalmagasinet.no\" \/>\n<meta property=\"og:description\" content=\"(Publisert 10.04.22) (Tekst og foto: Svein-H. Strand) For noen dager siden var jeg en handletur tur i Moss. Jeg hadde god tid, og beina styrte meg som s\u00e5 ofte f\u00f8r ... Les merJ\u00d8JE MEG SOM \u00c5RENE G\u00c5R!\" \/>\n<meta property=\"og:url\" content=\"https:\/\/lokalmagasinet.no\/?p=9744\" \/>\n<meta property=\"og:site_name\" content=\"Lokalmagasinet.no\" \/>\n<meta property=\"article:publisher\" content=\"https:\/\/www.facebook.com\/sveinharald.strand.1\" \/>\n<meta property=\"article:author\" content=\"https:\/\/www.facebook.com\/sveinharald.strand.1\" \/>\n<meta property=\"article:published_time\" content=\"2022-04-10T18:17:21+00:00\" \/>\n<meta property=\"article:modified_time\" content=\"2022-04-10T18:20:58+00:00\" \/>\n<meta property=\"og:image\" content=\"https:\/\/lokalmagasinet.no\/wp-content\/uploads\/2021\/03\/cropped-cropped-cropped-lmlogo-e1640691300821.jpg\" \/>\n\t<meta property=\"og:image:width\" content=\"72\" \/>\n\t<meta property=\"og:image:height\" content=\"118\" \/>\n\t<meta property=\"og:image:type\" content=\"image\/jpeg\" \/>\n<meta name=\"author\" content=\"Svein-Harald Strand\" \/>\n<meta name=\"twitter:card\" content=\"summary_large_image\" \/>\n<meta name=\"twitter:creator\" content=\"@LMExtra\" \/>\n<meta name=\"twitter:site\" content=\"@LMExtra\" \/>\n<meta name=\"twitter:label1\" content=\"Written by\" \/>\n\t<meta name=\"twitter:data1\" content=\"Svein-Harald Strand\" \/>\n\t<meta name=\"twitter:label2\" content=\"Est. reading time\" \/>\n\t<meta name=\"twitter:data2\" content=\"2 minutt\" \/>\n<script type=\"application\/ld+json\" class=\"yoast-schema-graph\">{\"@context\":\"https:\\\/\\\/schema.org\",\"@graph\":[{\"@type\":\"Article\",\"@id\":\"https:\\\/\\\/lokalmagasinet.no\\\/?p=9744#article\",\"isPartOf\":{\"@id\":\"https:\\\/\\\/lokalmagasinet.no\\\/?p=9744\"},\"author\":{\"name\":\"Svein-Harald Strand\",\"@id\":\"https:\\\/\\\/lokalmagasinet.no\\\/#\\\/schema\\\/person\\\/2e8d221708d3aaf6f577275b5bba4310\"},\"headline\":\"J\u00d8JE MEG SOM \u00c5RENE G\u00c5R!\",\"datePublished\":\"2022-04-10T18:17:21+00:00\",\"dateModified\":\"2022-04-10T18:20:58+00:00\",\"mainEntityOfPage\":{\"@id\":\"https:\\\/\\\/lokalmagasinet.no\\\/?p=9744\"},\"wordCount\":315,\"publisher\":{\"@id\":\"https:\\\/\\\/lokalmagasinet.no\\\/#organization\"},\"image\":{\"@id\":\"https:\\\/\\\/lokalmagasinet.no\\\/?p=9744#primaryimage\"},\"thumbnailUrl\":\"https:\\\/\\\/lokalmagasinet.no\\\/wp-content\\\/uploads\\\/2021\\\/03\\\/cropped-cropped-cropped-lmlogo-e1640691300821.jpg\",\"articleSection\":[\"K\u00e5seri\"],\"inLanguage\":\"nn-NO\"},{\"@type\":\"WebPage\",\"@id\":\"https:\\\/\\\/lokalmagasinet.no\\\/?p=9744\",\"url\":\"https:\\\/\\\/lokalmagasinet.no\\\/?p=9744\",\"name\":\"J\u00d8JE MEG SOM \u00c5RENE G\u00c5R! | Lokalmagasinet.no\",\"isPartOf\":{\"@id\":\"https:\\\/\\\/lokalmagasinet.no\\\/#website\"},\"primaryImageOfPage\":{\"@id\":\"https:\\\/\\\/lokalmagasinet.no\\\/?p=9744#primaryimage\"},\"image\":{\"@id\":\"https:\\\/\\\/lokalmagasinet.no\\\/?p=9744#primaryimage\"},\"thumbnailUrl\":\"https:\\\/\\\/lokalmagasinet.no\\\/wp-content\\\/uploads\\\/2021\\\/03\\\/cropped-cropped-cropped-lmlogo-e1640691300821.jpg\",\"datePublished\":\"2022-04-10T18:17:21+00:00\",\"dateModified\":\"2022-04-10T18:20:58+00:00\",\"breadcrumb\":{\"@id\":\"https:\\\/\\\/lokalmagasinet.no\\\/?p=9744#breadcrumb\"},\"inLanguage\":\"nn-NO\",\"potentialAction\":[{\"@type\":\"ReadAction\",\"target\":[\"https:\\\/\\\/lokalmagasinet.no\\\/?p=9744\"]}]},{\"@type\":\"ImageObject\",\"inLanguage\":\"nn-NO\",\"@id\":\"https:\\\/\\\/lokalmagasinet.no\\\/?p=9744#primaryimage\",\"url\":\"https:\\\/\\\/lokalmagasinet.no\\\/wp-content\\\/uploads\\\/2021\\\/03\\\/cropped-cropped-cropped-lmlogo-e1640691300821.jpg\",\"contentUrl\":\"https:\\\/\\\/lokalmagasinet.no\\\/wp-content\\\/uploads\\\/2021\\\/03\\\/cropped-cropped-cropped-lmlogo-e1640691300821.jpg\",\"width\":72,\"height\":118},{\"@type\":\"BreadcrumbList\",\"@id\":\"https:\\\/\\\/lokalmagasinet.no\\\/?p=9744#breadcrumb\",\"itemListElement\":[{\"@type\":\"ListItem\",\"position\":1,\"name\":\"Hjem\",\"item\":\"https:\\\/\\\/lokalmagasinet.no\\\/\"},{\"@type\":\"ListItem\",\"position\":2,\"name\":\"J\u00d8JE MEG SOM \u00c5RENE G\u00c5R!\"}]},{\"@type\":\"WebSite\",\"@id\":\"https:\\\/\\\/lokalmagasinet.no\\\/#website\",\"url\":\"https:\\\/\\\/lokalmagasinet.no\\\/\",\"name\":\"Lokalmagasinet.no\",\"description\":\"Fra fortid og n\u00e5tid. Med st\u00e5sted i det n\u00e6re. Siden 2002.\",\"publisher\":{\"@id\":\"https:\\\/\\\/lokalmagasinet.no\\\/#organization\"},\"potentialAction\":[{\"@type\":\"SearchAction\",\"target\":{\"@type\":\"EntryPoint\",\"urlTemplate\":\"https:\\\/\\\/lokalmagasinet.no\\\/?s={search_term_string}\"},\"query-input\":{\"@type\":\"PropertyValueSpecification\",\"valueRequired\":true,\"valueName\":\"search_term_string\"}}],\"inLanguage\":\"nn-NO\"},{\"@type\":\"Organization\",\"@id\":\"https:\\\/\\\/lokalmagasinet.no\\\/#organization\",\"name\":\"Lokalmagasinet.no\",\"url\":\"https:\\\/\\\/lokalmagasinet.no\\\/\",\"logo\":{\"@type\":\"ImageObject\",\"inLanguage\":\"nn-NO\",\"@id\":\"https:\\\/\\\/lokalmagasinet.no\\\/#\\\/schema\\\/logo\\\/image\\\/\",\"url\":\"https:\\\/\\\/lokalmagasinet.no\\\/wp-content\\\/uploads\\\/2021\\\/03\\\/cropped-cropped-cropped-cropped-cropped-cropped-lmlogo-e1640691300821.jpg\",\"contentUrl\":\"https:\\\/\\\/lokalmagasinet.no\\\/wp-content\\\/uploads\\\/2021\\\/03\\\/cropped-cropped-cropped-cropped-cropped-cropped-lmlogo-e1640691300821.jpg\",\"width\":72,\"height\":118,\"caption\":\"Lokalmagasinet.no\"},\"image\":{\"@id\":\"https:\\\/\\\/lokalmagasinet.no\\\/#\\\/schema\\\/logo\\\/image\\\/\"},\"sameAs\":[\"https:\\\/\\\/www.facebook.com\\\/sveinharald.strand.1\",\"https:\\\/\\\/x.com\\\/LMExtra\"]},{\"@type\":\"Person\",\"@id\":\"https:\\\/\\\/lokalmagasinet.no\\\/#\\\/schema\\\/person\\\/2e8d221708d3aaf6f577275b5bba4310\",\"name\":\"Svein-Harald Strand\",\"image\":{\"@type\":\"ImageObject\",\"inLanguage\":\"nn-NO\",\"@id\":\"https:\\\/\\\/secure.gravatar.com\\\/avatar\\\/c487434bdf6cd7c12e4a88877ae4b12c38d22b7ad64292b49d33ed7503bb7ce1?s=96&d=mm&r=g\",\"url\":\"https:\\\/\\\/secure.gravatar.com\\\/avatar\\\/c487434bdf6cd7c12e4a88877ae4b12c38d22b7ad64292b49d33ed7503bb7ce1?s=96&d=mm&r=g\",\"contentUrl\":\"https:\\\/\\\/secure.gravatar.com\\\/avatar\\\/c487434bdf6cd7c12e4a88877ae4b12c38d22b7ad64292b49d33ed7503bb7ce1?s=96&d=mm&r=g\",\"caption\":\"Svein-Harald Strand\"},\"description\":\"(F. 26.12.1945) Redakt\u00f8r, journalist og informasjonsarbeider siden 1968. ||| I 1963: Redaksjonell praktikant i 8 m\u00e5neder p\u00e5 full tid i Helgeland Arbeiderblad i hjembyen Mosj\u00f8en. ||| Arbeidende pensjonist med hjemmekontor fra 2008 (AFP) og videre som folkepensjonist til n\u00e5.\",\"sameAs\":[\"https:\\\/\\\/lokalmagasinet.no\\\/\",\"https:\\\/\\\/www.facebook.com\\\/sveinharald.strand.1\",\"https:\\\/\\\/x.com\\\/LMExtra\"],\"url\":\"https:\\\/\\\/lokalmagasinet.no\\\/?author=6\"}]}<\/script>\n<!-- \/ Yoast SEO plugin. -->","yoast_head_json":{"title":"J\u00d8JE MEG SOM \u00c5RENE G\u00c5R! | Lokalmagasinet.no","robots":{"index":"index","follow":"follow","max-snippet":"max-snippet:-1","max-image-preview":"max-image-preview:large","max-video-preview":"max-video-preview:-1"},"canonical":"https:\/\/lokalmagasinet.no\/?p=9744","og_locale":"nn_NO","og_type":"article","og_title":"J\u00d8JE MEG SOM \u00c5RENE G\u00c5R! | Lokalmagasinet.no","og_description":"(Publisert 10.04.22) (Tekst og foto: Svein-H. Strand) For noen dager siden var jeg en handletur tur i Moss. Jeg hadde god tid, og beina styrte meg som s\u00e5 ofte f\u00f8r ... Les merJ\u00d8JE MEG SOM \u00c5RENE G\u00c5R!","og_url":"https:\/\/lokalmagasinet.no\/?p=9744","og_site_name":"Lokalmagasinet.no","article_publisher":"https:\/\/www.facebook.com\/sveinharald.strand.1","article_author":"https:\/\/www.facebook.com\/sveinharald.strand.1","article_published_time":"2022-04-10T18:17:21+00:00","article_modified_time":"2022-04-10T18:20:58+00:00","og_image":[{"width":72,"height":118,"url":"https:\/\/lokalmagasinet.no\/wp-content\/uploads\/2021\/03\/cropped-cropped-cropped-lmlogo-e1640691300821.jpg","type":"image\/jpeg"}],"author":"Svein-Harald Strand","twitter_card":"summary_large_image","twitter_creator":"@LMExtra","twitter_site":"@LMExtra","twitter_misc":{"Written by":"Svein-Harald Strand","Est. reading time":"2 minutt"},"schema":{"@context":"https:\/\/schema.org","@graph":[{"@type":"Article","@id":"https:\/\/lokalmagasinet.no\/?p=9744#article","isPartOf":{"@id":"https:\/\/lokalmagasinet.no\/?p=9744"},"author":{"name":"Svein-Harald Strand","@id":"https:\/\/lokalmagasinet.no\/#\/schema\/person\/2e8d221708d3aaf6f577275b5bba4310"},"headline":"J\u00d8JE MEG SOM \u00c5RENE G\u00c5R!","datePublished":"2022-04-10T18:17:21+00:00","dateModified":"2022-04-10T18:20:58+00:00","mainEntityOfPage":{"@id":"https:\/\/lokalmagasinet.no\/?p=9744"},"wordCount":315,"publisher":{"@id":"https:\/\/lokalmagasinet.no\/#organization"},"image":{"@id":"https:\/\/lokalmagasinet.no\/?p=9744#primaryimage"},"thumbnailUrl":"https:\/\/lokalmagasinet.no\/wp-content\/uploads\/2021\/03\/cropped-cropped-cropped-lmlogo-e1640691300821.jpg","articleSection":["K\u00e5seri"],"inLanguage":"nn-NO"},{"@type":"WebPage","@id":"https:\/\/lokalmagasinet.no\/?p=9744","url":"https:\/\/lokalmagasinet.no\/?p=9744","name":"J\u00d8JE MEG SOM \u00c5RENE G\u00c5R! | Lokalmagasinet.no","isPartOf":{"@id":"https:\/\/lokalmagasinet.no\/#website"},"primaryImageOfPage":{"@id":"https:\/\/lokalmagasinet.no\/?p=9744#primaryimage"},"image":{"@id":"https:\/\/lokalmagasinet.no\/?p=9744#primaryimage"},"thumbnailUrl":"https:\/\/lokalmagasinet.no\/wp-content\/uploads\/2021\/03\/cropped-cropped-cropped-lmlogo-e1640691300821.jpg","datePublished":"2022-04-10T18:17:21+00:00","dateModified":"2022-04-10T18:20:58+00:00","breadcrumb":{"@id":"https:\/\/lokalmagasinet.no\/?p=9744#breadcrumb"},"inLanguage":"nn-NO","potentialAction":[{"@type":"ReadAction","target":["https:\/\/lokalmagasinet.no\/?p=9744"]}]},{"@type":"ImageObject","inLanguage":"nn-NO","@id":"https:\/\/lokalmagasinet.no\/?p=9744#primaryimage","url":"https:\/\/lokalmagasinet.no\/wp-content\/uploads\/2021\/03\/cropped-cropped-cropped-lmlogo-e1640691300821.jpg","contentUrl":"https:\/\/lokalmagasinet.no\/wp-content\/uploads\/2021\/03\/cropped-cropped-cropped-lmlogo-e1640691300821.jpg","width":72,"height":118},{"@type":"BreadcrumbList","@id":"https:\/\/lokalmagasinet.no\/?p=9744#breadcrumb","itemListElement":[{"@type":"ListItem","position":1,"name":"Hjem","item":"https:\/\/lokalmagasinet.no\/"},{"@type":"ListItem","position":2,"name":"J\u00d8JE MEG SOM \u00c5RENE G\u00c5R!"}]},{"@type":"WebSite","@id":"https:\/\/lokalmagasinet.no\/#website","url":"https:\/\/lokalmagasinet.no\/","name":"Lokalmagasinet.no","description":"Fra fortid og n\u00e5tid. Med st\u00e5sted i det n\u00e6re. Siden 2002.","publisher":{"@id":"https:\/\/lokalmagasinet.no\/#organization"},"potentialAction":[{"@type":"SearchAction","target":{"@type":"EntryPoint","urlTemplate":"https:\/\/lokalmagasinet.no\/?s={search_term_string}"},"query-input":{"@type":"PropertyValueSpecification","valueRequired":true,"valueName":"search_term_string"}}],"inLanguage":"nn-NO"},{"@type":"Organization","@id":"https:\/\/lokalmagasinet.no\/#organization","name":"Lokalmagasinet.no","url":"https:\/\/lokalmagasinet.no\/","logo":{"@type":"ImageObject","inLanguage":"nn-NO","@id":"https:\/\/lokalmagasinet.no\/#\/schema\/logo\/image\/","url":"https:\/\/lokalmagasinet.no\/wp-content\/uploads\/2021\/03\/cropped-cropped-cropped-cropped-cropped-cropped-lmlogo-e1640691300821.jpg","contentUrl":"https:\/\/lokalmagasinet.no\/wp-content\/uploads\/2021\/03\/cropped-cropped-cropped-cropped-cropped-cropped-lmlogo-e1640691300821.jpg","width":72,"height":118,"caption":"Lokalmagasinet.no"},"image":{"@id":"https:\/\/lokalmagasinet.no\/#\/schema\/logo\/image\/"},"sameAs":["https:\/\/www.facebook.com\/sveinharald.strand.1","https:\/\/x.com\/LMExtra"]},{"@type":"Person","@id":"https:\/\/lokalmagasinet.no\/#\/schema\/person\/2e8d221708d3aaf6f577275b5bba4310","name":"Svein-Harald Strand","image":{"@type":"ImageObject","inLanguage":"nn-NO","@id":"https:\/\/secure.gravatar.com\/avatar\/c487434bdf6cd7c12e4a88877ae4b12c38d22b7ad64292b49d33ed7503bb7ce1?s=96&d=mm&r=g","url":"https:\/\/secure.gravatar.com\/avatar\/c487434bdf6cd7c12e4a88877ae4b12c38d22b7ad64292b49d33ed7503bb7ce1?s=96&d=mm&r=g","contentUrl":"https:\/\/secure.gravatar.com\/avatar\/c487434bdf6cd7c12e4a88877ae4b12c38d22b7ad64292b49d33ed7503bb7ce1?s=96&d=mm&r=g","caption":"Svein-Harald Strand"},"description":"(F. 26.12.1945) Redakt\u00f8r, journalist og informasjonsarbeider siden 1968. ||| I 1963: Redaksjonell praktikant i 8 m\u00e5neder p\u00e5 full tid i Helgeland Arbeiderblad i hjembyen Mosj\u00f8en. ||| Arbeidende pensjonist med hjemmekontor fra 2008 (AFP) og videre som folkepensjonist til n\u00e5.","sameAs":["https:\/\/lokalmagasinet.no\/","https:\/\/www.facebook.com\/sveinharald.strand.1","https:\/\/x.com\/LMExtra"],"url":"https:\/\/lokalmagasinet.no\/?author=6"}]}},"_links":{"self":[{"href":"https:\/\/lokalmagasinet.no\/index.php?rest_route=\/wp\/v2\/posts\/9744","targetHints":{"allow":["GET"]}}],"collection":[{"href":"https:\/\/lokalmagasinet.no\/index.php?rest_route=\/wp\/v2\/posts"}],"about":[{"href":"https:\/\/lokalmagasinet.no\/index.php?rest_route=\/wp\/v2\/types\/post"}],"author":[{"embeddable":true,"href":"https:\/\/lokalmagasinet.no\/index.php?rest_route=\/wp\/v2\/users\/6"}],"replies":[{"embeddable":true,"href":"https:\/\/lokalmagasinet.no\/index.php?rest_route=%2Fwp%2Fv2%2Fcomments&post=9744"}],"version-history":[{"count":6,"href":"https:\/\/lokalmagasinet.no\/index.php?rest_route=\/wp\/v2\/posts\/9744\/revisions"}],"predecessor-version":[{"id":9750,"href":"https:\/\/lokalmagasinet.no\/index.php?rest_route=\/wp\/v2\/posts\/9744\/revisions\/9750"}],"wp:featuredmedia":[{"embeddable":true,"href":"https:\/\/lokalmagasinet.no\/index.php?rest_route=\/wp\/v2\/media\/9635"}],"wp:attachment":[{"href":"https:\/\/lokalmagasinet.no\/index.php?rest_route=%2Fwp%2Fv2%2Fmedia&parent=9744"}],"wp:term":[{"taxonomy":"category","embeddable":true,"href":"https:\/\/lokalmagasinet.no\/index.php?rest_route=%2Fwp%2Fv2%2Fcategories&post=9744"},{"taxonomy":"post_tag","embeddable":true,"href":"https:\/\/lokalmagasinet.no\/index.php?rest_route=%2Fwp%2Fv2%2Ftags&post=9744"}],"curies":[{"name":"wp","href":"https:\/\/api.w.org\/{rel}","templated":true}]}}